{"id":8108,"date":"2017-07-03T10:37:41","date_gmt":"2017-07-03T10:37:41","guid":{"rendered":"https:\/\/www.fincaelcercado.com\/uncategorized-en\/festival-de-organo-palencia-2017\/"},"modified":"2023-03-23T19:04:44","modified_gmt":"2023-03-23T19:04:44","slug":"festival-de-organo-palencia-2017","status":"publish","type":"post","link":"https:\/\/www.fincaelcercado.com\/en\/blog-en\/festival-de-organo-palencia-2017\/","title":{"rendered":"Festival de \u00f3rgano ib\u00e9rico en Palencia 2017"},"content":{"rendered":"<p><img fetchpriority=\"high\" decoding=\"async\" class=\"aligncenter size-full wp-image-8104\" src=\"https:\/\/www.fincaelcercado.com\/wp-content\/uploads\/festivalorganopalencia.jpg\" alt=\"festival organo palencia\" width=\"700\" height=\"411\" srcset=\"https:\/\/www.fincaelcercado.com\/wp-content\/uploads\/festivalorganopalencia.jpg 700w, https:\/\/www.fincaelcercado.com\/wp-content\/uploads\/festivalorganopalencia-768x450.jpg 768w\" sizes=\"(max-width: 700px) 100vw, 700px\" \/><\/p>\n<p>One more year we love to inform of the celebration of the <strong>Festival of Organ of Palencia<\/strong>, held between July 16th and August 18th. These organs represent one of the main attractions of the artistic heritage of the region: most of them are Baroque from the S-XVIII, and have unique characteristics that make up the &#8220;Iberian organ&#8221; , very different from those we see in the rest of Europe. Palencia conserves some extraordinary examples, and it also is the occasion to know these wonderful churches, distributed by all the province.<!--more--><\/p>\n<p>The Festival attracts musicians from all over the world who come to our region to play and listen to these organs, which date back to the eighteenth century, and are unused for most of the year. The festival is organised by the Diputaci\u00f3n de Palencia, Asociaci\u00f3n Cultural Tadeo Ortega, linked to Fundaci\u00f3n Chapelet and\u00a0Asociaci\u00f3n Amigos del \u00d3rgano de Palencia. This last one has more than 20 years offering Master Classes with invited famous and skilled professors from all over the world and students, it is called Academy Fray Joseph de Echevarr\u00eda and it is directed by Roberto Fresco, titular organist of the Cathedral of the Almudena in Madrid.<\/p>\n<p>The towns of Cerrato are already dressing up to host this event that music lovers can not miss, and in Baltan\u00e1s we will have the concert on 23 July . If you are looking for a holiday in which to enjoy the countryside with a unique program for music lovers you can not miss this Festival and we still have free places to take you. You can not lose this!<\/p>\n","protected":false},"excerpt":{"rendered":"<p>One more year we love to inform of the celebration of the Festival of Organ of Palencia, held between July 16th and August 18th. These organs represent one of the main attractions of the artistic heritage of the region: most of them are Baroque from the S-XVIII, and have unique characteristics that make up the &#8230; <a title=\"Festival de \u00f3rgano ib\u00e9rico en Palencia 2017\" class=\"read-more\" href=\"https:\/\/www.fincaelcercado.com\/en\/blog-en\/festival-de-organo-palencia-2017\/\" aria-label=\"More on Festival de \u00f3rgano ib\u00e9rico en Palencia 2017\">Read more<\/a><\/p>\n","protected":false},"author":8,"featured_media":8104,"comment_status":"closed","ping_status":"closed","sticky":false,"template":"","format":"standard","meta":{"footnotes":""},"categories":[267],"tags":[223,224,225,226],"_links":{"self":[{"href":"https:\/\/www.fincaelcercado.com\/en\/wp-json\/wp\/v2\/posts\/8108"}],"collection":[{"href":"https:\/\/www.fincaelcercado.com\/en\/wp-json\/wp\/v2\/posts"}],"about":[{"href":"https:\/\/www.fincaelcercado.com\/en\/wp-json\/wp\/v2\/types\/post"}],"author":[{"embeddable":true,"href":"https:\/\/www.fincaelcercado.com\/en\/wp-json\/wp\/v2\/users\/8"}],"replies":[{"embeddable":true,"href":"https:\/\/www.fincaelcercado.com\/en\/wp-json\/wp\/v2\/comments?post=8108"}],"version-history":[{"count":2,"href":"https:\/\/www.fincaelcercado.com\/en\/wp-json\/wp\/v2\/posts\/8108\/revisions"}],"predecessor-version":[{"id":8110,"href":"https:\/\/www.fincaelcercado.com\/en\/wp-json\/wp\/v2\/posts\/8108\/revisions\/8110"}],"wp:featuredmedia":[{"embeddable":true,"href":"https:\/\/www.fincaelcercado.com\/en\/wp-json\/wp\/v2\/media\/8104"}],"wp:attachment":[{"href":"https:\/\/www.fincaelcercado.com\/en\/wp-json\/wp\/v2\/media?parent=8108"}],"wp:term":[{"taxonomy":"category","embeddable":true,"href":"https:\/\/www.fincaelcercado.com\/en\/wp-json\/wp\/v2\/categories?post=8108"},{"taxonomy":"post_tag","embeddable":true,"href":"https:\/\/www.fincaelcercado.com\/en\/wp-json\/wp\/v2\/tags?post=8108"}],"curies":[{"name":"wp","href":"https:\/\/api.w.org\/{rel}","templated":true}]}}