{"id":7222,"date":"2016-07-19T11:31:59","date_gmt":"2016-07-19T11:31:59","guid":{"rendered":"https:\/\/www.fincaelcercado.com\/?p=7222"},"modified":"2023-06-10T18:57:32","modified_gmt":"2023-06-10T18:57:32","slug":"finca-el-cercado-will-be-one-of-the-seats-of-the-xx-organ-academy-fray-joseph-de-echevarria-held-from-20-to-27-july","status":"publish","type":"post","link":"https:\/\/www.fincaelcercado.com\/en\/blog\/finca-el-cercado-will-be-one-of-the-seats-of-the-xx-organ-academy-fray-joseph-de-echevarria-held-from-20-to-27-july\/","title":{"rendered":"Finca El Cercado supports the dissemination of Baroque Organ"},"content":{"rendered":"<h1>Finca El Cercado will be one of the seats of the XX Organ Academy Fray Joseph de Echevarria, held from 20 to 27 July<\/h1>\n<p><!--more--><\/p>\n<p><strong>The practice lessons of the XX Academy will take place in the organs of the churches of San Millan in Baltan\u00e1s, and San Andr\u00e9s, Carri\u00f3n de los Condes (in Palencia), while the theoretical classes will be held in the Events Pavilion of Finca El Cercado.<\/strong><\/p>\n<h3>The Fray Joseph de Echevarria Organ Academy is one of the most important programs developed in Palencia every summer, bringing students together from different countries and professors of international relevance<\/h3>\n<h3>Montserrat Torrent, one of the most important and famous organists in the world, will be one of the professors and will be honored by the students and teachers of the Academy on its 90th anniversary.<\/h3>\n<p>Finca El Cercado will be one of the seats of the <strong> <a href=\"http:\/\/www.aaopalencia.org\/\" target=\"_blank\" rel=\"noopener\">XX Fray Joseph de Echevarr\u00eda Organ Academy<\/a><\/strong>, held from 20 to 27 of July. For the first time, this important musical and educational appointment transfers part of its classes to the south of the district of Palencia: some of the practice lessons will take place in the organ of the San Mill\u00e1n church in Baltan\u00e1s, and the theoretical ones will be hold in the Events Pavilion of Finca El Cercado, located in the same city. Other venue of the Organ Academy&#8217;s classes is in San Andr\u00e9s church, Carri\u00f3n de los Condes.<\/p>\n<figure id=\"attachment_6903\" aria-describedby=\"caption-attachment-6903\" style=\"width: 290px\" class=\"wp-caption aligncenter\"><img fetchpriority=\"high\" decoding=\"async\" class=\"size-medium wp-image-6903\" src=\"https:\/\/www.fincaelcercado.com\/wp-content\/uploads\/ELCERCADO-pabellon-almendros-300x300.jpg\" alt=\"Pabell\u00f3n de Eventos de la Finca El Cercado\" width=\"300\" height=\"300\" srcset=\"https:\/\/www.fincaelcercado.com\/wp-content\/uploads\/ELCERCADO-pabellon-almendros-300x300.jpg 300w, https:\/\/www.fincaelcercado.com\/wp-content\/uploads\/ELCERCADO-pabellon-almendros-150x150.jpg 150w, https:\/\/www.fincaelcercado.com\/wp-content\/uploads\/ELCERCADO-pabellon-almendros-1024x1024.jpg 1024w\" sizes=\"(max-width: 300px) 100vw, 300px\" \/><figcaption id=\"caption-attachment-6903\" class=\"wp-caption-text\">Pabell\u00f3n de Eventos de la Finca El Cercado<\/figcaption><\/figure>\n<p>Finca El Cercado is a new exclusive space dedicated to quality tourism experiences, Art and Culture. It is a heaven of peace, nature, art and history in Castille; a walled property of 50 hectares with different buildings restored for luxury accommodation and events, preserving the exquisite old family furniture, surrounded by large terraces to enjoy the breathtaking views of the region of El Cerrato. It also has pool, wine cellar, orchard, walking paths lined with almond trees\u202fand all kind of facilities and recreational areas.<\/p>\n<p><strong>Finca El Cercado offers this wonderful environment to the professors and students of the XX Fay Joseph de Echevarr\u00eda Organ Academy, as part of its program of Cultural Sponsorship and Promotion of Artistic activity.<\/strong><\/p>\n<p><strong>The XX Fray Joseph de\u00a0Echevarr\u00eda\u00a0Organ Academy<\/strong><\/p>\n<p>The\u00a0Fray Joseph de\u00a0Echevarr\u00eda\u00a0Organ Academy, organized by the Association of Friends of the Organ of Palencia,\u00a0sponsored by the\u00a0Palencia\u00a0Provincial\u00a0Council and with the\u00a0collaboration of the Finca El Cercado,\u00a0is\u00a0one of the formative\u00a0and music\u00a0events more important\u00a0of the\u00a0province\u00a0of Palencia,\u00a0for the quality of its programming and\u00a0the\u00a0relevance of their\u00a0professors.<\/p>\n<p>Montserrat Torrent, one of the most important organists in the world, will be one of the main\u00a0professors\u00a0of this edition, which also will<strong>\u00a0<\/strong>be\u00a0receive the tribute of students and teachers on their 90th anniversary. Along with Roberto Fresco, director of the Academy, Torrent\u00a0will deal\u00a0the interpretation of Renaissance and Baroque composers, like\u00a0Antonio de\u00a0Cabez\u00f3n, Antonio\u00a0Carreira\u00a0and Manuel\u00a0Rodrigues\u00a0Coelho.<\/p>\n<p>The lessons led by\u00a0Paolo\u00a0Crivellaro\u00a0will\u00a0tackle\u00a0the North German organ school and the young Bach;\u00a0and\u00a0Monica\u00a0Melcova\u00a0will\u00a0teach improvisation techniques. Finally, Marta Serna\u00a0will offer theoretical classes\u00a0of\u00a0Organizative\u00a0principles of the 17th century keyboard music structures\u00a0through\u00a0practice music discourses of Correa de\u00a0Arauxo<\/p>\n<p>Professors and other guest organists will offer concerts in the most important organs of the province of Palencia during the week of the course, which will close with the traditional students&#8217; concert on July 27th at the Church of San Andr\u00e9s in Carri\u00f3n de los Condes.<\/p>\n","protected":false},"excerpt":{"rendered":"<p>Finca El Cercado will be one of the seats of the XX Organ Academy Fray Joseph de Echevarria, held from 20 to 27 July<\/p>\n","protected":false},"author":7,"featured_media":9963,"comment_status":"closed","ping_status":"closed","sticky":false,"template":"","format":"standard","meta":{"footnotes":""},"categories":[267,267],"tags":[223,177,176,175],"_links":{"self":[{"href":"https:\/\/www.fincaelcercado.com\/en\/wp-json\/wp\/v2\/posts\/7222"}],"collection":[{"href":"https:\/\/www.fincaelcercado.com\/en\/wp-json\/wp\/v2\/posts"}],"about":[{"href":"https:\/\/www.fincaelcercado.com\/en\/wp-json\/wp\/v2\/types\/post"}],"author":[{"embeddable":true,"href":"https:\/\/www.fincaelcercado.com\/en\/wp-json\/wp\/v2\/users\/7"}],"replies":[{"embeddable":true,"href":"https:\/\/www.fincaelcercado.com\/en\/wp-json\/wp\/v2\/comments?post=7222"}],"version-history":[{"count":4,"href":"https:\/\/www.fincaelcercado.com\/en\/wp-json\/wp\/v2\/posts\/7222\/revisions"}],"predecessor-version":[{"id":11509,"href":"https:\/\/www.fincaelcercado.com\/en\/wp-json\/wp\/v2\/posts\/7222\/revisions\/11509"}],"wp:featuredmedia":[{"embeddable":true,"href":"https:\/\/www.fincaelcercado.com\/en\/wp-json\/wp\/v2\/media\/9963"}],"wp:attachment":[{"href":"https:\/\/www.fincaelcercado.com\/en\/wp-json\/wp\/v2\/media?parent=7222"}],"wp:term":[{"taxonomy":"category","embeddable":true,"href":"https:\/\/www.fincaelcercado.com\/en\/wp-json\/wp\/v2\/categories?post=7222"},{"taxonomy":"post_tag","embeddable":true,"href":"https:\/\/www.fincaelcercado.com\/en\/wp-json\/wp\/v2\/tags?post=7222"}],"curies":[{"name":"wp","href":"https:\/\/api.w.org\/{rel}","templated":true}]}}